{"id":11107,"date":"2021-03-16T23:34:22","date_gmt":"2021-03-16T21:34:22","guid":{"rendered":"http:\/\/epattern.de\/?p=11107"},"modified":"2021-03-16T23:34:22","modified_gmt":"2021-03-16T21:34:22","slug":"rt-clausvonwagner-in-eigener-sache-heute-laeuft-dieanstalt-10-minuten-spaeter-um-22-25-uhr-gerne-weitersagen-fuer-mediatheknutzer-aendert-sich-im-grunde-nichts-https-t-co-lz0la9ukyi","status":"publish","type":"post","link":"https:\/\/epattern.de\/?p=11107","title":{"rendered":"RT @clausvonwagner: In eigener Sache: heute l\u00e4uft <a href=\"https:\/\/epattern.de\/?tag=dieanstalt\">#dieanstalt<\/a> 10 Minuten sp\u00e4ter &#8211; um 22.25 Uhr. Gerne weitersagen. F\u00fcr Mediatheknutzer \u00e4ndert sich im Grunde nichts. https:\/\/t.co\/lZ0La9UKyi"},"content":{"rendered":"<blockquote class=\"twitter-tweet\">\n<p lang=\"de\" dir=\"ltr\">In eigener Sache: heute l\u00e4uft <a href=\"https:\/\/twitter.com\/hashtag\/dieanstalt?src=hash&amp;ref_src=twsrc%5Etfw\"><span class=\"hashtag\"> #<a href=\"https:\/\/epattern.de?s=%23dieanstalt\">dieanstalt<\/a><\/span><\/a> 10 Minuten sp\u00e4ter &#8211; um 22.25 Uhr. Gerne weitersagen. F\u00fcr Mediatheknutzer \u00e4ndert sich im Grunde nichts. <a href=\"https:\/\/t.co\/lZ0La9UKyi\">pic.twitter.com\/lZ0La9UKyi<\/a><\/p>\n<p>&mdash; Claus von Wagner (@clausvonwagner) <a href=\"https:\/\/twitter.com\/clausvonwagner\/status\/1371878748694396937?ref_src=twsrc%5Etfw\">March 16, 2021<\/a><\/p><\/blockquote>\n<p><script async src=\"https:\/\/platform.twitter.com\/widgets.js\" charset=\"utf-8\"><\/script><br \/>\n<br \/>\nfrom Twitter https:\/\/twitter.com\/dpietsch<\/p>\n<p>March 16, 2021 at 09:48PM<br \/>\nvia <a href=\"https:\/\/ifttt.com\/?ref=da&#038;site=wordpress\">IFTTT<\/a><\/p>\n","protected":false},"excerpt":{"rendered":"<p class=\"excerpt\">In eigener Sache: heute l\u00e4uft <a href=\"https:\/\/epattern.de\/?tag=dieanstalt\">#dieanstalt<\/a> 10 Minuten sp\u00e4ter &#8211; um 22.25 Uhr. Gerne weitersagen. F\u00fcr Mediatheknutzer \u00e4ndert sich im Grunde nichts. pic.twitter.com\/lZ0La9UKyi &mdash; Claus von Wagner (@clausvonwagner) March 16, 2021 from Twitter https:\/\/twitter.com\/dpietsch March 16, 2021 at 09:48PM via IFTTT<\/p>\n<p class=\"more-link-p\"><a class=\"more-link\" href=\"https:\/\/epattern.de\/?p=11107\">Read more &rarr;<\/a><\/p>\n","protected":false},"author":1,"featured_media":0,"comment_status":"closed","ping_status":"open","sticky":false,"template":"","format":"standard","meta":{"jetpack_post_was_ever_published":false,"_jetpack_newsletter_access":"","_jetpack_dont_email_post_to_subs":false,"_jetpack_newsletter_tier_id":0,"_jetpack_memberships_contains_paywalled_content":false,"_jetpack_memberships_contains_paid_content":false,"activitypub_content_warning":"","activitypub_content_visibility":"","footnotes":"","jetpack_publicize_message":"","jetpack_publicize_feature_enabled":true,"jetpack_social_post_already_shared":false,"jetpack_social_options":{"image_generator_settings":{"template":"highway","enabled":false},"version":2}},"categories":[1],"tags":[930],"class_list":["post-11107","post","type-post","status-publish","format-standard","hentry","category-allgemein","tag-dieanstalt"],"jetpack_publicize_connections":[],"jetpack_featured_media_url":"","jetpack_sharing_enabled":true,"jetpack_shortlink":"https:\/\/wp.me\/p7O4eT-2T9","jetpack-related-posts":[],"jetpack_likes_enabled":true,"_links":{"self":[{"href":"https:\/\/epattern.de\/index.php?rest_route=\/wp\/v2\/posts\/11107","targetHints":{"allow":["GET"]}}],"collection":[{"href":"https:\/\/epattern.de\/index.php?rest_route=\/wp\/v2\/posts"}],"about":[{"href":"https:\/\/epattern.de\/index.php?rest_route=\/wp\/v2\/types\/post"}],"author":[{"embeddable":true,"href":"https:\/\/epattern.de\/index.php?rest_route=\/wp\/v2\/users\/1"}],"replies":[{"embeddable":true,"href":"https:\/\/epattern.de\/index.php?rest_route=%2Fwp%2Fv2%2Fcomments&post=11107"}],"version-history":[{"count":1,"href":"https:\/\/epattern.de\/index.php?rest_route=\/wp\/v2\/posts\/11107\/revisions"}],"predecessor-version":[{"id":11108,"href":"https:\/\/epattern.de\/index.php?rest_route=\/wp\/v2\/posts\/11107\/revisions\/11108"}],"wp:attachment":[{"href":"https:\/\/epattern.de\/index.php?rest_route=%2Fwp%2Fv2%2Fmedia&parent=11107"}],"wp:term":[{"taxonomy":"category","embeddable":true,"href":"https:\/\/epattern.de\/index.php?rest_route=%2Fwp%2Fv2%2Fcategories&post=11107"},{"taxonomy":"post_tag","embeddable":true,"href":"https:\/\/epattern.de\/index.php?rest_route=%2Fwp%2Fv2%2Ftags&post=11107"}],"curies":[{"name":"wp","href":"https:\/\/api.w.org\/{rel}","templated":true}]}}